{"id":534,"date":"2023-11-14T15:23:12","date_gmt":"2023-11-14T14:23:12","guid":{"rendered":"https:\/\/gretchen-club.de\/blog\/?p=534"},"modified":"2025-08-21T11:33:27","modified_gmt":"2025-08-21T09:33:27","slug":"applaus","status":"publish","type":"post","link":"https:\/\/www.gretchen-club.de\/blog\/applaus\/","title":{"rendered":"APPLAUS f\u00fcrs Gretchen"},"content":{"rendered":"\n<p>Wir sind sooooo happy: Wir wurden mit unserem Gretchen beim diesj\u00e4hrigen APPLAUS am 23. Oktober 2023 mit dem Hauptpreis in der Kategorie &#8222;Bestes Livemusikprogramm&#8220; geehrt. Die Auszeichnung der Programmplanung unabh\u00e4ngiger Spielst\u00e4tten wurde von der Bundesbeauftragten f\u00fcr Kultur und Medien, der Kulturstaatsministerin Claudia Roth verliehen.<br>&nbsp;<br>Wir freuen uns sehr \u00fcber die Auszeichnung und die damit verbundene Wertsch\u00e4tzung f\u00fcr unser Kultur-Programm. It&#8217;s all about passion! Wir lieben, was wir tun. Wir sind gl\u00fccklich, wenn unsere K\u00fcnstler*innen gl\u00fccklich sind, unsere G\u00e4st*innen und unser Team sich wohlf\u00fchlen und (hoffentlich) l\u00e4chelnd nach Hause gehen. Nachwuchsmusiker*innen und Nischengenres zu pr\u00e4sentieren oder sogar zu entdecken, ist unsere gro\u00dfe Leidenschaft. Und wenn Menschen auf unserer B\u00fchne stehen, die \u00fcber Jahrzehnte f\u00fcr die Musik gelebt haben, bekommen wir G\u00e4nsehaut.<br>Unser Fokus liegt auf einer diversen Programmgestaltung, die m\u00f6glichst viele Genres und Kulturen abbildet.<br>&nbsp;<br>Wir Clubs sind so wichtig &#8211; gerade auch in Zeiten wie diesen, in denen die Gesellschaft immer weiter auseinanderdriftet. Krieg, Terror, Nationalismus, Faschismus, Rassismus, Antisemitismus, Islamophobie &#8211; Hass und K\u00e4lte an so vielen Stellen und auf so vielen Ebenen.<br>Im ganz Kleinen k\u00f6nnen wir in unseren Clubs unterschiedliche Kulturen pr\u00e4sentieren und Menschen miteinander verbinden, Orte der Freiheit schaffen, Raum geben zum Austausch und Experimentieren. Gerade heute finden wir das wichtiger denn je.<br>Im ganz Kleinen k\u00f6nnen wir Grenzen \u00fcberwinden, Freude bereiten, Gl\u00fcck spenden, W\u00e4rme geben und Zeichen setzen.<br>&nbsp;<br>Vielen, vielen Dank an die gro\u00dfartige Musikerin Derya Y\u0131ld\u0131r\u0131m, die bei der Verleihung in Hannover eine so wundersch\u00f6ne Laudatio auf unser Gretchen gehalten hat.<br>Danke an all die wunderbaren K\u00fcnstler*innen, an unser tolles musikbegeistertes Publikum, unser unfassbar wundervolles Team, das immer an unserer Seite ist.<br>Es geht nur zusammen!<br>&nbsp;<br>Wir gratulieren auch allen anderen Preistr\u00e4ger*innen.<br>Last but not least: Vielen Dank an die Kulturstaatsministerin Claudia Roth und die Initiative Musik. Auch daf\u00fcr, dass es diesen Preis \u00fcberhaupt gibt.<\/p>\n\n\n<div style=\"min-height: 285px;; \" class=\"ub_image_slider swiper-container wp-block-ub-image-slider\" id=\"ub_image_slider_e9474be7-c32d-45c1-adf2-b4e7f9ccf1d2\" data-swiper-data='{\"speed\":300,\"spaceBetween\":20,\"slidesPerView\":1,\"loop\":true,\"pagination\":{\"el\": \".swiper-pagination\" , \"type\": \"bullets\", \"clickable\":true},\"navigation\": {\"nextEl\": \".swiper-button-next\", \"prevEl\": \".swiper-button-prev\"}, \"keyboard\": { \"enabled\": true }, \"effect\": \"fade\",\"fadeEffect\":{\"crossFade\": true},\"autoplay\":{\"delay\": 3000}}'>\n            <div class=\"swiper-wrapper\"><figure class=\"swiper-slide\">\n                <img decoding=\"async\" src=\"https:\/\/www.gretchen-club.de\/blog\/wp-content\/uploads\/2023\/11\/APPLAUS_2023_PreistraegerIn-Gretchen-mit-KulturstaatsministerIn-Claudia-Roth_%C2%A9-Kevin-Muenkel-1.jpg\" alt=\"\" style=\"height: 250px;; \">\n                <figcaption class=\"ub_image_slider_image_caption\"><\/figcaption>\n            <\/figure><figure class=\"swiper-slide\">\n                <img decoding=\"async\" src=\"https:\/\/www.gretchen-club.de\/blog\/wp-content\/uploads\/2023\/11\/Bild1-1-scaled.jpg\" alt=\"\" style=\"height: 250px;; \">\n                <figcaption class=\"ub_image_slider_image_caption\"><\/figcaption>\n            <\/figure><figure class=\"swiper-slide\">\n                <img decoding=\"async\" src=\"https:\/\/www.gretchen-club.de\/blog\/wp-content\/uploads\/2023\/11\/Bild2-1.jpg\" alt=\"\" style=\"height: 250px;; \">\n                <figcaption class=\"ub_image_slider_image_caption\"><\/figcaption>\n            <\/figure><figure class=\"swiper-slide\">\n                <img decoding=\"async\" src=\"https:\/\/www.gretchen-club.de\/blog\/wp-content\/uploads\/2023\/11\/Gretchen_APPLAUS-2023_Digitale-Plakette_1x1-1.png\" alt=\"\" style=\"height: 250px;; \">\n                <figcaption class=\"ub_image_slider_image_caption\"><\/figcaption>\n            <\/figure><\/div>\n            <div class=\"swiper-pagination\"><\/div>\n            <div class=\"swiper-button-prev\"><\/div> <div class=\"swiper-button-next\"><\/div>\n        <\/div>\n\n\n<figure class=\"wp-block-embed is-type-video is-provider-youtube wp-block-embed-youtube wp-embed-aspect-16-9 wp-has-aspect-ratio\"><div class=\"wp-block-embed__wrapper\">\n<iframe loading=\"lazy\" title=\"APPLAUS 2023 Aftermovie\" width=\"640\" height=\"360\" src=\"https:\/\/www.youtube.com\/embed\/w5OhhTFe-rA?feature=oembed\" frameborder=\"0\" allow=\"accelerometer; autoplay; clipboard-write; encrypted-media; gyroscope; picture-in-picture; web-share\" referrerpolicy=\"strict-origin-when-cross-origin\" allowfullscreen><\/iframe>\n<\/div><\/figure>\n","protected":false},"excerpt":{"rendered":"<p>Wir sind sooooo happy: Wir wurden mit unserem Gretchen beim diesj\u00e4hrigen APPLAUS am 23. Oktober 2023 mit dem Hauptpreis in der Kategorie &#8222;Bestes Livemusikprogramm&#8220; geehrt. Die Auszeichnung der Programmplanung unabh\u00e4ngiger Spielst\u00e4tten wurde von der Bundesbeauftragten f\u00fcr Kultur und Medien, der Kulturstaatsministerin Claudia Roth verliehen.&nbsp;Wir freuen uns sehr \u00fcber die Auszeichnung und die damit verbundene Wertsch\u00e4tzung [&hellip;]<\/p>\n","protected":false},"author":4,"featured_media":543,"comment_status":"closed","ping_status":"open","sticky":false,"template":"","format":"standard","meta":{"ub_ctt_via":"","footnotes":""},"categories":[590],"tags":[91,75,93,92,95,84,94],"class_list":["post-534","post","type-post","status-publish","format-standard","has-post-thumbnail","hentry","category-press-reviews","tag-applaus","tag-berlin","tag-bestes-livemusikprogramm","tag-claudia-roth","tag-danke","tag-gretchen","tag-hauptpreis"],"featured_image_src":"https:\/\/www.gretchen-club.de\/blog\/wp-content\/uploads\/2023\/11\/Gretchen_APPLAUS-2023_Digitale-Plakette_1x1-1.png","author_info":{"display_name":"Gretchen","author_link":"https:\/\/www.gretchen-club.de\/blog\/author\/pamela\/"},"yoast_head":"<!-- This site is optimized with the Yoast SEO plugin v25.7 - https:\/\/yoast.com\/wordpress\/plugins\/seo\/ -->\n<title>APPLAUS f\u00fcrs Gretchen - Gretchen&#039;s Blog<\/title>\n<meta name=\"robots\" content=\"index, follow, max-snippet:-1, max-image-preview:large, max-video-preview:-1\" \/>\n<link rel=\"canonical\" href=\"https:\/\/www.gretchen-club.de\/blog\/applaus\/\" \/>\n<meta property=\"og:locale\" content=\"de_DE\" \/>\n<meta property=\"og:type\" content=\"article\" \/>\n<meta property=\"og:title\" content=\"APPLAUS f\u00fcrs Gretchen\" \/>\n<meta property=\"og:description\" content=\"Wir sind sooooo happy: Wir wurden mit unserem Gretchen beim diesj\u00e4hrigen APPLAUS am 23. Oktober 2023 mit dem Hauptpreis in der Kategorie &quot;Bestes Livemusikprogramm&quot; geehrt. Die Auszeichnung der Programmplanung unabh\u00e4ngiger Spielst\u00e4tten wurde von der Bundesbeauftragten f\u00fcr Kultur und Medien, der Kulturstaatsministerin Claudia Roth verliehen.\u00a0Wir freuen uns sehr \u00fcber die Auszeichnung und die damit verbundene Wertsch\u00e4tzung f\u00fcr unser Kultur-Programm. It&#039;s all about passion! Wir lieben, was wir tun.\" \/>\n<meta property=\"og:url\" content=\"https:\/\/www.gretchen-club.de\/blog\/applaus\/\" \/>\n<meta property=\"og:site_name\" content=\"Gretchen&#039;s Blog\" \/>\n<meta property=\"article:published_time\" content=\"2023-11-14T14:23:12+00:00\" \/>\n<meta property=\"article:modified_time\" content=\"2025-08-21T09:33:27+00:00\" \/>\n<meta property=\"og:image\" content=\"https:\/\/www.gretchen-club.de\/blog\/wp-content\/uploads\/2023\/11\/Gretchen_APPLAUS-2023_Digitale-Plakette_1x1-1-1024x1024.png\" \/>\n\t<meta property=\"og:image:width\" content=\"1024\" \/>\n\t<meta property=\"og:image:height\" content=\"1024\" \/>\n\t<meta property=\"og:image:type\" content=\"image\/png\" \/>\n<meta name=\"author\" content=\"Gretchen\" \/>\n<meta name=\"twitter:card\" content=\"summary_large_image\" \/>\n<meta name=\"twitter:label1\" content=\"Verfasst von\" \/>\n\t<meta name=\"twitter:data1\" content=\"Gretchen\" \/>\n\t<meta name=\"twitter:label2\" content=\"Gesch\u00e4tzte Lesezeit\" \/>\n\t<meta name=\"twitter:data2\" content=\"2\u00a0Minuten\" \/>\n<script type=\"application\/ld+json\" class=\"yoast-schema-graph\">{\"@context\":\"https:\/\/schema.org\",\"@graph\":[{\"@type\":\"WebPage\",\"@id\":\"https:\/\/www.gretchen-club.de\/blog\/applaus\/\",\"url\":\"https:\/\/www.gretchen-club.de\/blog\/applaus\/\",\"name\":\"APPLAUS f\u00fcrs Gretchen - Gretchen&#039;s Blog\",\"isPartOf\":{\"@id\":\"https:\/\/www.gretchen-club.de\/blog\/#website\"},\"primaryImageOfPage\":{\"@id\":\"https:\/\/www.gretchen-club.de\/blog\/applaus\/#primaryimage\"},\"image\":{\"@id\":\"https:\/\/www.gretchen-club.de\/blog\/applaus\/#primaryimage\"},\"thumbnailUrl\":\"https:\/\/www.gretchen-club.de\/blog\/wp-content\/uploads\/2023\/11\/Gretchen_APPLAUS-2023_Digitale-Plakette_1x1-1.png\",\"datePublished\":\"2023-11-14T14:23:12+00:00\",\"dateModified\":\"2025-08-21T09:33:27+00:00\",\"author\":{\"@id\":\"https:\/\/www.gretchen-club.de\/blog\/#\/schema\/person\/fa6c324f3758dddddc7aa5632bdcc5bb\"},\"breadcrumb\":{\"@id\":\"https:\/\/www.gretchen-club.de\/blog\/applaus\/#breadcrumb\"},\"inLanguage\":\"de\",\"potentialAction\":[{\"@type\":\"ReadAction\",\"target\":[\"https:\/\/www.gretchen-club.de\/blog\/applaus\/\"]}]},{\"@type\":\"ImageObject\",\"inLanguage\":\"de\",\"@id\":\"https:\/\/www.gretchen-club.de\/blog\/applaus\/#primaryimage\",\"url\":\"https:\/\/www.gretchen-club.de\/blog\/wp-content\/uploads\/2023\/11\/Gretchen_APPLAUS-2023_Digitale-Plakette_1x1-1.png\",\"contentUrl\":\"https:\/\/www.gretchen-club.de\/blog\/wp-content\/uploads\/2023\/11\/Gretchen_APPLAUS-2023_Digitale-Plakette_1x1-1.png\",\"width\":4500,\"height\":4500},{\"@type\":\"BreadcrumbList\",\"@id\":\"https:\/\/www.gretchen-club.de\/blog\/applaus\/#breadcrumb\",\"itemListElement\":[{\"@type\":\"ListItem\",\"position\":1,\"name\":\"Startseite\",\"item\":\"https:\/\/www.gretchen-club.de\/blog\/\"},{\"@type\":\"ListItem\",\"position\":2,\"name\":\"APPLAUS f\u00fcrs Gretchen\"}]},{\"@type\":\"WebSite\",\"@id\":\"https:\/\/www.gretchen-club.de\/blog\/#website\",\"url\":\"https:\/\/www.gretchen-club.de\/blog\/\",\"name\":\"Gretchen&#039;s Blog\",\"description\":\"All about Music.\",\"potentialAction\":[{\"@type\":\"SearchAction\",\"target\":{\"@type\":\"EntryPoint\",\"urlTemplate\":\"https:\/\/www.gretchen-club.de\/blog\/?s={search_term_string}\"},\"query-input\":{\"@type\":\"PropertyValueSpecification\",\"valueRequired\":true,\"valueName\":\"search_term_string\"}}],\"inLanguage\":\"de\"},{\"@type\":\"Person\",\"@id\":\"https:\/\/www.gretchen-club.de\/blog\/#\/schema\/person\/fa6c324f3758dddddc7aa5632bdcc5bb\",\"name\":\"Gretchen\",\"image\":{\"@type\":\"ImageObject\",\"inLanguage\":\"de\",\"@id\":\"https:\/\/www.gretchen-club.de\/blog\/#\/schema\/person\/image\/\",\"url\":\"https:\/\/secure.gravatar.com\/avatar\/9344bd8706f308939ed85ee4e035db3a9381b11d109ab682be00f44503058354?s=96&d=mm&r=g\",\"contentUrl\":\"https:\/\/secure.gravatar.com\/avatar\/9344bd8706f308939ed85ee4e035db3a9381b11d109ab682be00f44503058354?s=96&d=mm&r=g\",\"caption\":\"Gretchen\"},\"url\":\"https:\/\/www.gretchen-club.de\/blog\/author\/pamela\/\"}]}<\/script>\n<!-- \/ Yoast SEO plugin. -->","yoast_head_json":{"title":"APPLAUS f\u00fcrs Gretchen - Gretchen&#039;s Blog","robots":{"index":"index","follow":"follow","max-snippet":"max-snippet:-1","max-image-preview":"max-image-preview:large","max-video-preview":"max-video-preview:-1"},"canonical":"https:\/\/www.gretchen-club.de\/blog\/applaus\/","og_locale":"de_DE","og_type":"article","og_title":"APPLAUS f\u00fcrs Gretchen","og_description":"Wir sind sooooo happy: Wir wurden mit unserem Gretchen beim diesj\u00e4hrigen APPLAUS am 23. Oktober 2023 mit dem Hauptpreis in der Kategorie \"Bestes Livemusikprogramm\" geehrt. Die Auszeichnung der Programmplanung unabh\u00e4ngiger Spielst\u00e4tten wurde von der Bundesbeauftragten f\u00fcr Kultur und Medien, der Kulturstaatsministerin Claudia Roth verliehen.\u00a0Wir freuen uns sehr \u00fcber die Auszeichnung und die damit verbundene Wertsch\u00e4tzung f\u00fcr unser Kultur-Programm. It's all about passion! Wir lieben, was wir tun.","og_url":"https:\/\/www.gretchen-club.de\/blog\/applaus\/","og_site_name":"Gretchen&#039;s Blog","article_published_time":"2023-11-14T14:23:12+00:00","article_modified_time":"2025-08-21T09:33:27+00:00","og_image":[{"width":1024,"height":1024,"url":"https:\/\/www.gretchen-club.de\/blog\/wp-content\/uploads\/2023\/11\/Gretchen_APPLAUS-2023_Digitale-Plakette_1x1-1-1024x1024.png","type":"image\/png"}],"author":"Gretchen","twitter_card":"summary_large_image","twitter_misc":{"Verfasst von":"Gretchen","Gesch\u00e4tzte Lesezeit":"2\u00a0Minuten"},"schema":{"@context":"https:\/\/schema.org","@graph":[{"@type":"WebPage","@id":"https:\/\/www.gretchen-club.de\/blog\/applaus\/","url":"https:\/\/www.gretchen-club.de\/blog\/applaus\/","name":"APPLAUS f\u00fcrs Gretchen - Gretchen&#039;s Blog","isPartOf":{"@id":"https:\/\/www.gretchen-club.de\/blog\/#website"},"primaryImageOfPage":{"@id":"https:\/\/www.gretchen-club.de\/blog\/applaus\/#primaryimage"},"image":{"@id":"https:\/\/www.gretchen-club.de\/blog\/applaus\/#primaryimage"},"thumbnailUrl":"https:\/\/www.gretchen-club.de\/blog\/wp-content\/uploads\/2023\/11\/Gretchen_APPLAUS-2023_Digitale-Plakette_1x1-1.png","datePublished":"2023-11-14T14:23:12+00:00","dateModified":"2025-08-21T09:33:27+00:00","author":{"@id":"https:\/\/www.gretchen-club.de\/blog\/#\/schema\/person\/fa6c324f3758dddddc7aa5632bdcc5bb"},"breadcrumb":{"@id":"https:\/\/www.gretchen-club.de\/blog\/applaus\/#breadcrumb"},"inLanguage":"de","potentialAction":[{"@type":"ReadAction","target":["https:\/\/www.gretchen-club.de\/blog\/applaus\/"]}]},{"@type":"ImageObject","inLanguage":"de","@id":"https:\/\/www.gretchen-club.de\/blog\/applaus\/#primaryimage","url":"https:\/\/www.gretchen-club.de\/blog\/wp-content\/uploads\/2023\/11\/Gretchen_APPLAUS-2023_Digitale-Plakette_1x1-1.png","contentUrl":"https:\/\/www.gretchen-club.de\/blog\/wp-content\/uploads\/2023\/11\/Gretchen_APPLAUS-2023_Digitale-Plakette_1x1-1.png","width":4500,"height":4500},{"@type":"BreadcrumbList","@id":"https:\/\/www.gretchen-club.de\/blog\/applaus\/#breadcrumb","itemListElement":[{"@type":"ListItem","position":1,"name":"Startseite","item":"https:\/\/www.gretchen-club.de\/blog\/"},{"@type":"ListItem","position":2,"name":"APPLAUS f\u00fcrs Gretchen"}]},{"@type":"WebSite","@id":"https:\/\/www.gretchen-club.de\/blog\/#website","url":"https:\/\/www.gretchen-club.de\/blog\/","name":"Gretchen&#039;s Blog","description":"All about Music.","potentialAction":[{"@type":"SearchAction","target":{"@type":"EntryPoint","urlTemplate":"https:\/\/www.gretchen-club.de\/blog\/?s={search_term_string}"},"query-input":{"@type":"PropertyValueSpecification","valueRequired":true,"valueName":"search_term_string"}}],"inLanguage":"de"},{"@type":"Person","@id":"https:\/\/www.gretchen-club.de\/blog\/#\/schema\/person\/fa6c324f3758dddddc7aa5632bdcc5bb","name":"Gretchen","image":{"@type":"ImageObject","inLanguage":"de","@id":"https:\/\/www.gretchen-club.de\/blog\/#\/schema\/person\/image\/","url":"https:\/\/secure.gravatar.com\/avatar\/9344bd8706f308939ed85ee4e035db3a9381b11d109ab682be00f44503058354?s=96&d=mm&r=g","contentUrl":"https:\/\/secure.gravatar.com\/avatar\/9344bd8706f308939ed85ee4e035db3a9381b11d109ab682be00f44503058354?s=96&d=mm&r=g","caption":"Gretchen"},"url":"https:\/\/www.gretchen-club.de\/blog\/author\/pamela\/"}]}},"_links":{"self":[{"href":"https:\/\/www.gretchen-club.de\/blog\/wp-json\/wp\/v2\/posts\/534","targetHints":{"allow":["GET"]}}],"collection":[{"href":"https:\/\/www.gretchen-club.de\/blog\/wp-json\/wp\/v2\/posts"}],"about":[{"href":"https:\/\/www.gretchen-club.de\/blog\/wp-json\/wp\/v2\/types\/post"}],"author":[{"embeddable":true,"href":"https:\/\/www.gretchen-club.de\/blog\/wp-json\/wp\/v2\/users\/4"}],"replies":[{"embeddable":true,"href":"https:\/\/www.gretchen-club.de\/blog\/wp-json\/wp\/v2\/comments?post=534"}],"version-history":[{"count":6,"href":"https:\/\/www.gretchen-club.de\/blog\/wp-json\/wp\/v2\/posts\/534\/revisions"}],"predecessor-version":[{"id":552,"href":"https:\/\/www.gretchen-club.de\/blog\/wp-json\/wp\/v2\/posts\/534\/revisions\/552"}],"wp:featuredmedia":[{"embeddable":true,"href":"https:\/\/www.gretchen-club.de\/blog\/wp-json\/wp\/v2\/media\/543"}],"wp:attachment":[{"href":"https:\/\/www.gretchen-club.de\/blog\/wp-json\/wp\/v2\/media?parent=534"}],"wp:term":[{"taxonomy":"category","embeddable":true,"href":"https:\/\/www.gretchen-club.de\/blog\/wp-json\/wp\/v2\/categories?post=534"},{"taxonomy":"post_tag","embeddable":true,"href":"https:\/\/www.gretchen-club.de\/blog\/wp-json\/wp\/v2\/tags?post=534"}],"curies":[{"name":"wp","href":"https:\/\/api.w.org\/{rel}","templated":true}]}}