{"id":302,"date":"2023-09-27T16:28:28","date_gmt":"2023-09-27T14:28:28","guid":{"rendered":"https:\/\/gretchen-club.de\/blog\/?p=302"},"modified":"2025-10-21T09:31:21","modified_gmt":"2025-10-21T07:31:21","slug":"gretchens-podcast-w-olicia","status":"publish","type":"post","link":"https:\/\/www.gretchen-club.de\/blog\/gretchens-podcast-w-olicia\/","title":{"rendered":"Gretchen&#8217;s Podcast w\/ Olic\u00eda"},"content":{"rendered":"\n<figure class=\"wp-block-embed aligncenter is-type-rich is-provider-spotify wp-block-embed-spotify wp-embed-aspect-21-9 wp-has-aspect-ratio\"><div class=\"wp-block-embed__wrapper\">\n<iframe title=\"Spotify Embed: GRETCHEN&amp;apos;S PODCAST - OLIC\u00cdA\" style=\"border-radius: 12px\" width=\"100%\" height=\"152\" frameborder=\"0\" allowfullscreen allow=\"autoplay; clipboard-write; encrypted-media; fullscreen; picture-in-picture\" loading=\"lazy\" src=\"https:\/\/open.spotify.com\/embed\/episode\/0YtOQJbT67XbqeM2q6sf7b?si=Qr3FnKbZQ_a9MKn5trMfaA&#038;utm_source=oembed\"><\/iframe>\n<\/div><\/figure>\n\n\n\n<p>Zu Gast in der heutigen Episode: Fama &amp; Anna, besser bekannt als OLIC\u00cdA.<br>OLIC\u00cdA sind mit ihrer Musik unabl\u00e4ssig auf der Suche nach neuen Ideen, ihre Songs werden dabei zu immer neuen Fassungen, Formen und Erkundungen von Gef\u00fchlen und Lebensumst\u00e4nden. Das Bandprojekt der beiden Multiinstrumentalistinnen Anna-Lucia Rupp und Fama M\u2019Boup entwirft einen v\u00f6llig eigenen Klangkosmos, der Einfl\u00fcsse zwar zul\u00e4sst, diese aber nie als blo\u00dfe Zutat begreift. <br><br>Im Gespr\u00e4ch mit Marc Hype erfahrt ihr mehr \u00fcber ihren Schaffensprozess, musikalischen Werdegang oder warum sie Festivals einem Club vorziehen.<br><br>Wir w\u00fcnschen euch viel Freude beim H\u00f6ren!<br><br>follow OLIC\u00ccA online: <br><br>Homepage: <a href=\"https:\/\/www.oliciamusic.com\/\">https:\/\/www.oliciamusic.com\/<\/a><br>Bandcamp: <a href=\"https:\/\/olicia.bandcamp.com\/music\">https:\/\/olicia.bandcamp.com\/music<\/a><br>Instagram: <a href=\"https:\/\/www.instagram.com\/oliciamusic\/\">https:\/\/www.instagram.com\/oliciamusic\/<\/a><br><br><br><br><sub>GRETCHEN&#8217;S PODCAST wird gef\u00f6rdert von NEUSTART KULTUR, Initiative Musik und der Beauftragten der Bundesregierung f\u00fcr Kultur und Medien (BKM)<\/sub><br><\/p>\n\n\n<div class=\"taxonomy-category wp-block-post-terms\"><a href=\"https:\/\/www.gretchen-club.de\/blog\/category\/gretchens-podcast\/\" rel=\"tag\">Gretchen&#8217;s Podcast<\/a><\/div>","protected":false},"excerpt":{"rendered":"<p>Zu Gast in der heutigen Episode: Fama &amp; Anna, besser bekannt als OLIC\u00cdA.OLIC\u00cdA sind mit ihrer Musik unabl\u00e4ssig auf der Suche nach neuen Ideen, ihre Songs werden dabei zu immer neuen Fassungen, Formen und Erkundungen von Gef\u00fchlen und Lebensumst\u00e4nden. Das Bandprojekt der beiden Multiinstrumentalistinnen Anna-Lucia Rupp und Fama M\u2019Boup entwirft einen v\u00f6llig eigenen Klangkosmos, der [&hellip;]<\/p>\n","protected":false},"author":4,"featured_media":304,"comment_status":"closed","ping_status":"open","sticky":false,"template":"","format":"standard","meta":{"ub_ctt_via":"","footnotes":""},"categories":[3],"tags":[67,39,66,5],"class_list":["post-302","post","type-post","status-publish","format-standard","has-post-thumbnail","hentry","category-gretchens-podcast","tag-femme","tag-jazz","tag-olicia","tag-podcast"],"featured_image_src":"https:\/\/www.gretchen-club.de\/blog\/wp-content\/uploads\/2023\/09\/GretchensPodcast_Olicia_version2.png","author_info":{"display_name":"Gretchen","author_link":"https:\/\/www.gretchen-club.de\/blog\/author\/pamela\/"},"yoast_head":"<!-- This site is optimized with the Yoast SEO plugin v25.7 - https:\/\/yoast.com\/wordpress\/plugins\/seo\/ -->\n<title>Gretchen&#039;s Podcast w\/ Olic\u00eda - Gretchen&#039;s Blog<\/title>\n<meta name=\"description\" content=\"Zu Gast in der heutigen Episode: Fama &amp; Anna, besser bekannt als OLIC\u00cdA.OLIC\u00cdA sind mit ihrer Musik unabl\u00e4ssig auf der Suche nach neuen Ideen, ihre Songs werden dabei zu immer neuen Fassungen, Formen und Erkundungen von Gef\u00fchlen und Lebensumst\u00e4nden. Das Bandprojekt der beiden Multiinstrumentalistinnen Anna-Lucia Rupp und Fama M\u2019Boup entwirft einen v\u00f6llig eigenen Klangkosmos, der Einfl\u00fcsse zwar zul\u00e4sst, diese aber nie als blo\u00dfe Zutat begreift.\" \/>\n<meta name=\"robots\" content=\"index, follow, max-snippet:-1, max-image-preview:large, max-video-preview:-1\" \/>\n<link rel=\"canonical\" href=\"https:\/\/www.gretchen-club.de\/blog\/gretchens-podcast-w-olicia\/\" \/>\n<meta property=\"og:locale\" content=\"de_DE\" \/>\n<meta property=\"og:type\" content=\"article\" \/>\n<meta property=\"og:title\" content=\"Gretchen\u2019s Podcast w\/ Olic\u00eda\" \/>\n<meta property=\"og:description\" content=\"Zu Gast in der heutigen Episode: Fama &amp; Anna, besser bekannt als OLIC\u00cdA.OLIC\u00cdA sind mit ihrer Musik unabl\u00e4ssig auf der Suche nach neuen Ideen, ihre Songs werden dabei zu immer neuen Fassungen, Formen und Erkundungen von Gef\u00fchlen und Lebensumst\u00e4nden. Das Bandprojekt der beiden Multiinstrumentalistinnen Anna-Lucia Rupp und Fama M\u2019Boup entwirft einen v\u00f6llig eigenen Klangkosmos, der Einfl\u00fcsse zwar zul\u00e4sst, diese aber nie als blo\u00dfe Zutat begreift.\" \/>\n<meta property=\"og:url\" content=\"https:\/\/www.gretchen-club.de\/blog\/gretchens-podcast-w-olicia\/\" \/>\n<meta property=\"og:site_name\" content=\"Gretchen&#039;s Blog\" \/>\n<meta property=\"article:published_time\" content=\"2023-09-27T14:28:28+00:00\" \/>\n<meta property=\"article:modified_time\" content=\"2025-10-21T07:31:21+00:00\" \/>\n<meta property=\"og:image\" content=\"https:\/\/www.gretchen-club.de\/blog\/wp-content\/uploads\/2023\/09\/GretchensPodcast_Olicia_version2.png\" \/>\n\t<meta property=\"og:image:width\" content=\"1063\" \/>\n\t<meta property=\"og:image:height\" content=\"1063\" \/>\n\t<meta property=\"og:image:type\" content=\"image\/png\" \/>\n<meta name=\"author\" content=\"Gretchen\" \/>\n<meta name=\"twitter:card\" content=\"summary_large_image\" \/>\n<meta name=\"twitter:label1\" content=\"Verfasst von\" \/>\n\t<meta name=\"twitter:data1\" content=\"Gretchen\" \/>\n\t<meta name=\"twitter:label2\" content=\"Gesch\u00e4tzte Lesezeit\" \/>\n\t<meta name=\"twitter:data2\" content=\"1\u00a0Minute\" \/>\n<script type=\"application\/ld+json\" class=\"yoast-schema-graph\">{\"@context\":\"https:\/\/schema.org\",\"@graph\":[{\"@type\":\"WebPage\",\"@id\":\"https:\/\/www.gretchen-club.de\/blog\/gretchens-podcast-w-olicia\/\",\"url\":\"https:\/\/www.gretchen-club.de\/blog\/gretchens-podcast-w-olicia\/\",\"name\":\"Gretchen's Podcast w\/ Olic\u00eda - Gretchen&#039;s Blog\",\"isPartOf\":{\"@id\":\"https:\/\/www.gretchen-club.de\/blog\/#website\"},\"primaryImageOfPage\":{\"@id\":\"https:\/\/www.gretchen-club.de\/blog\/gretchens-podcast-w-olicia\/#primaryimage\"},\"image\":{\"@id\":\"https:\/\/www.gretchen-club.de\/blog\/gretchens-podcast-w-olicia\/#primaryimage\"},\"thumbnailUrl\":\"https:\/\/www.gretchen-club.de\/blog\/wp-content\/uploads\/2023\/09\/GretchensPodcast_Olicia_version2.png\",\"datePublished\":\"2023-09-27T14:28:28+00:00\",\"dateModified\":\"2025-10-21T07:31:21+00:00\",\"author\":{\"@id\":\"https:\/\/www.gretchen-club.de\/blog\/#\/schema\/person\/fa6c324f3758dddddc7aa5632bdcc5bb\"},\"description\":\"Zu Gast in der heutigen Episode: Fama & Anna, besser bekannt als OLIC\u00cdA.OLIC\u00cdA sind mit ihrer Musik unabl\u00e4ssig auf der Suche nach neuen Ideen, ihre Songs werden dabei zu immer neuen Fassungen, Formen und Erkundungen von Gef\u00fchlen und Lebensumst\u00e4nden. Das Bandprojekt der beiden Multiinstrumentalistinnen Anna-Lucia Rupp und Fama M\u2019Boup entwirft einen v\u00f6llig eigenen Klangkosmos, der Einfl\u00fcsse zwar zul\u00e4sst, diese aber nie als blo\u00dfe Zutat begreift.\",\"breadcrumb\":{\"@id\":\"https:\/\/www.gretchen-club.de\/blog\/gretchens-podcast-w-olicia\/#breadcrumb\"},\"inLanguage\":\"de\",\"potentialAction\":[{\"@type\":\"ReadAction\",\"target\":[\"https:\/\/www.gretchen-club.de\/blog\/gretchens-podcast-w-olicia\/\"]}]},{\"@type\":\"ImageObject\",\"inLanguage\":\"de\",\"@id\":\"https:\/\/www.gretchen-club.de\/blog\/gretchens-podcast-w-olicia\/#primaryimage\",\"url\":\"https:\/\/www.gretchen-club.de\/blog\/wp-content\/uploads\/2023\/09\/GretchensPodcast_Olicia_version2.png\",\"contentUrl\":\"https:\/\/www.gretchen-club.de\/blog\/wp-content\/uploads\/2023\/09\/GretchensPodcast_Olicia_version2.png\",\"width\":1063,\"height\":1063},{\"@type\":\"BreadcrumbList\",\"@id\":\"https:\/\/www.gretchen-club.de\/blog\/gretchens-podcast-w-olicia\/#breadcrumb\",\"itemListElement\":[{\"@type\":\"ListItem\",\"position\":1,\"name\":\"Startseite\",\"item\":\"https:\/\/www.gretchen-club.de\/blog\/\"},{\"@type\":\"ListItem\",\"position\":2,\"name\":\"Gretchen&#8217;s Podcast w\/ Olic\u00eda\"}]},{\"@type\":\"WebSite\",\"@id\":\"https:\/\/www.gretchen-club.de\/blog\/#website\",\"url\":\"https:\/\/www.gretchen-club.de\/blog\/\",\"name\":\"Gretchen&#039;s Blog\",\"description\":\"All about Music.\",\"potentialAction\":[{\"@type\":\"SearchAction\",\"target\":{\"@type\":\"EntryPoint\",\"urlTemplate\":\"https:\/\/www.gretchen-club.de\/blog\/?s={search_term_string}\"},\"query-input\":{\"@type\":\"PropertyValueSpecification\",\"valueRequired\":true,\"valueName\":\"search_term_string\"}}],\"inLanguage\":\"de\"},{\"@type\":\"Person\",\"@id\":\"https:\/\/www.gretchen-club.de\/blog\/#\/schema\/person\/fa6c324f3758dddddc7aa5632bdcc5bb\",\"name\":\"Gretchen\",\"image\":{\"@type\":\"ImageObject\",\"inLanguage\":\"de\",\"@id\":\"https:\/\/www.gretchen-club.de\/blog\/#\/schema\/person\/image\/\",\"url\":\"https:\/\/secure.gravatar.com\/avatar\/9344bd8706f308939ed85ee4e035db3a9381b11d109ab682be00f44503058354?s=96&d=mm&r=g\",\"contentUrl\":\"https:\/\/secure.gravatar.com\/avatar\/9344bd8706f308939ed85ee4e035db3a9381b11d109ab682be00f44503058354?s=96&d=mm&r=g\",\"caption\":\"Gretchen\"},\"url\":\"https:\/\/www.gretchen-club.de\/blog\/author\/pamela\/\"}]}<\/script>\n<!-- \/ Yoast SEO plugin. -->","yoast_head_json":{"title":"Gretchen's Podcast w\/ Olic\u00eda - Gretchen&#039;s Blog","description":"Zu Gast in der heutigen Episode: Fama & Anna, besser bekannt als OLIC\u00cdA.OLIC\u00cdA sind mit ihrer Musik unabl\u00e4ssig auf der Suche nach neuen Ideen, ihre Songs werden dabei zu immer neuen Fassungen, Formen und Erkundungen von Gef\u00fchlen und Lebensumst\u00e4nden. Das Bandprojekt der beiden Multiinstrumentalistinnen Anna-Lucia Rupp und Fama M\u2019Boup entwirft einen v\u00f6llig eigenen Klangkosmos, der Einfl\u00fcsse zwar zul\u00e4sst, diese aber nie als blo\u00dfe Zutat begreift.","robots":{"index":"index","follow":"follow","max-snippet":"max-snippet:-1","max-image-preview":"max-image-preview:large","max-video-preview":"max-video-preview:-1"},"canonical":"https:\/\/www.gretchen-club.de\/blog\/gretchens-podcast-w-olicia\/","og_locale":"de_DE","og_type":"article","og_title":"Gretchen\u2019s Podcast w\/ Olic\u00eda","og_description":"Zu Gast in der heutigen Episode: Fama & Anna, besser bekannt als OLIC\u00cdA.OLIC\u00cdA sind mit ihrer Musik unabl\u00e4ssig auf der Suche nach neuen Ideen, ihre Songs werden dabei zu immer neuen Fassungen, Formen und Erkundungen von Gef\u00fchlen und Lebensumst\u00e4nden. Das Bandprojekt der beiden Multiinstrumentalistinnen Anna-Lucia Rupp und Fama M\u2019Boup entwirft einen v\u00f6llig eigenen Klangkosmos, der Einfl\u00fcsse zwar zul\u00e4sst, diese aber nie als blo\u00dfe Zutat begreift.","og_url":"https:\/\/www.gretchen-club.de\/blog\/gretchens-podcast-w-olicia\/","og_site_name":"Gretchen&#039;s Blog","article_published_time":"2023-09-27T14:28:28+00:00","article_modified_time":"2025-10-21T07:31:21+00:00","og_image":[{"width":1063,"height":1063,"url":"https:\/\/www.gretchen-club.de\/blog\/wp-content\/uploads\/2023\/09\/GretchensPodcast_Olicia_version2.png","type":"image\/png"}],"author":"Gretchen","twitter_card":"summary_large_image","twitter_misc":{"Verfasst von":"Gretchen","Gesch\u00e4tzte Lesezeit":"1\u00a0Minute"},"schema":{"@context":"https:\/\/schema.org","@graph":[{"@type":"WebPage","@id":"https:\/\/www.gretchen-club.de\/blog\/gretchens-podcast-w-olicia\/","url":"https:\/\/www.gretchen-club.de\/blog\/gretchens-podcast-w-olicia\/","name":"Gretchen's Podcast w\/ Olic\u00eda - Gretchen&#039;s Blog","isPartOf":{"@id":"https:\/\/www.gretchen-club.de\/blog\/#website"},"primaryImageOfPage":{"@id":"https:\/\/www.gretchen-club.de\/blog\/gretchens-podcast-w-olicia\/#primaryimage"},"image":{"@id":"https:\/\/www.gretchen-club.de\/blog\/gretchens-podcast-w-olicia\/#primaryimage"},"thumbnailUrl":"https:\/\/www.gretchen-club.de\/blog\/wp-content\/uploads\/2023\/09\/GretchensPodcast_Olicia_version2.png","datePublished":"2023-09-27T14:28:28+00:00","dateModified":"2025-10-21T07:31:21+00:00","author":{"@id":"https:\/\/www.gretchen-club.de\/blog\/#\/schema\/person\/fa6c324f3758dddddc7aa5632bdcc5bb"},"description":"Zu Gast in der heutigen Episode: Fama & Anna, besser bekannt als OLIC\u00cdA.OLIC\u00cdA sind mit ihrer Musik unabl\u00e4ssig auf der Suche nach neuen Ideen, ihre Songs werden dabei zu immer neuen Fassungen, Formen und Erkundungen von Gef\u00fchlen und Lebensumst\u00e4nden. Das Bandprojekt der beiden Multiinstrumentalistinnen Anna-Lucia Rupp und Fama M\u2019Boup entwirft einen v\u00f6llig eigenen Klangkosmos, der Einfl\u00fcsse zwar zul\u00e4sst, diese aber nie als blo\u00dfe Zutat begreift.","breadcrumb":{"@id":"https:\/\/www.gretchen-club.de\/blog\/gretchens-podcast-w-olicia\/#breadcrumb"},"inLanguage":"de","potentialAction":[{"@type":"ReadAction","target":["https:\/\/www.gretchen-club.de\/blog\/gretchens-podcast-w-olicia\/"]}]},{"@type":"ImageObject","inLanguage":"de","@id":"https:\/\/www.gretchen-club.de\/blog\/gretchens-podcast-w-olicia\/#primaryimage","url":"https:\/\/www.gretchen-club.de\/blog\/wp-content\/uploads\/2023\/09\/GretchensPodcast_Olicia_version2.png","contentUrl":"https:\/\/www.gretchen-club.de\/blog\/wp-content\/uploads\/2023\/09\/GretchensPodcast_Olicia_version2.png","width":1063,"height":1063},{"@type":"BreadcrumbList","@id":"https:\/\/www.gretchen-club.de\/blog\/gretchens-podcast-w-olicia\/#breadcrumb","itemListElement":[{"@type":"ListItem","position":1,"name":"Startseite","item":"https:\/\/www.gretchen-club.de\/blog\/"},{"@type":"ListItem","position":2,"name":"Gretchen&#8217;s Podcast w\/ Olic\u00eda"}]},{"@type":"WebSite","@id":"https:\/\/www.gretchen-club.de\/blog\/#website","url":"https:\/\/www.gretchen-club.de\/blog\/","name":"Gretchen&#039;s Blog","description":"All about Music.","potentialAction":[{"@type":"SearchAction","target":{"@type":"EntryPoint","urlTemplate":"https:\/\/www.gretchen-club.de\/blog\/?s={search_term_string}"},"query-input":{"@type":"PropertyValueSpecification","valueRequired":true,"valueName":"search_term_string"}}],"inLanguage":"de"},{"@type":"Person","@id":"https:\/\/www.gretchen-club.de\/blog\/#\/schema\/person\/fa6c324f3758dddddc7aa5632bdcc5bb","name":"Gretchen","image":{"@type":"ImageObject","inLanguage":"de","@id":"https:\/\/www.gretchen-club.de\/blog\/#\/schema\/person\/image\/","url":"https:\/\/secure.gravatar.com\/avatar\/9344bd8706f308939ed85ee4e035db3a9381b11d109ab682be00f44503058354?s=96&d=mm&r=g","contentUrl":"https:\/\/secure.gravatar.com\/avatar\/9344bd8706f308939ed85ee4e035db3a9381b11d109ab682be00f44503058354?s=96&d=mm&r=g","caption":"Gretchen"},"url":"https:\/\/www.gretchen-club.de\/blog\/author\/pamela\/"}]}},"_links":{"self":[{"href":"https:\/\/www.gretchen-club.de\/blog\/wp-json\/wp\/v2\/posts\/302","targetHints":{"allow":["GET"]}}],"collection":[{"href":"https:\/\/www.gretchen-club.de\/blog\/wp-json\/wp\/v2\/posts"}],"about":[{"href":"https:\/\/www.gretchen-club.de\/blog\/wp-json\/wp\/v2\/types\/post"}],"author":[{"embeddable":true,"href":"https:\/\/www.gretchen-club.de\/blog\/wp-json\/wp\/v2\/users\/4"}],"replies":[{"embeddable":true,"href":"https:\/\/www.gretchen-club.de\/blog\/wp-json\/wp\/v2\/comments?post=302"}],"version-history":[{"count":3,"href":"https:\/\/www.gretchen-club.de\/blog\/wp-json\/wp\/v2\/posts\/302\/revisions"}],"predecessor-version":[{"id":2288,"href":"https:\/\/www.gretchen-club.de\/blog\/wp-json\/wp\/v2\/posts\/302\/revisions\/2288"}],"wp:featuredmedia":[{"embeddable":true,"href":"https:\/\/www.gretchen-club.de\/blog\/wp-json\/wp\/v2\/media\/304"}],"wp:attachment":[{"href":"https:\/\/www.gretchen-club.de\/blog\/wp-json\/wp\/v2\/media?parent=302"}],"wp:term":[{"taxonomy":"category","embeddable":true,"href":"https:\/\/www.gretchen-club.de\/blog\/wp-json\/wp\/v2\/categories?post=302"},{"taxonomy":"post_tag","embeddable":true,"href":"https:\/\/www.gretchen-club.de\/blog\/wp-json\/wp\/v2\/tags?post=302"}],"curies":[{"name":"wp","href":"https:\/\/api.w.org\/{rel}","templated":true}]}}